{"id":839,"date":"2024-09-16T09:06:19","date_gmt":"2024-09-16T14:06:19","guid":{"rendered":"https:\/\/sociedadfunerarianacional.com\/blog\/?p=839"},"modified":"2024-09-16T09:06:20","modified_gmt":"2024-09-16T14:06:20","slug":"decir-adios-a-nuestros-padres","status":"publish","type":"post","link":"https:\/\/sociedadfunerarianacional.com\/blog\/decir-adios-a-nuestros-padres\/","title":{"rendered":"Decir adi\u00f3s a nuestros padres. \u00bfC\u00f3mo afrontarlo?"},"content":{"rendered":"<p>La muerte de un padre o madre es una de las despedidas m\u00e1s dolorosas que como hijos podemos enfrentar. El duelo ser\u00e1 diferente si los perdemos como adultos o a\u00fan siendo ni\u00f1os.<\/p>\n<p>Cuando uno de los padres fallece, generalmente nos enfocamos en el que se queda, d\u00e1ndole m\u00e1s apoyo, m\u00e1s atenci\u00f3n y afecto. Hacerlo est\u00e1 bien, pero cuidar de nuestra salud y estado mental nos ayudar\u00e1 a saber sobrellevarlo mejor y ser ese apoyo que el otro necesita sin dejarnos de lado.<\/p>\n<p>Sin embargo, para un hijo el duelo de afrontar la p\u00e9rdida de ambos padres afecta directamente a nuestro legado, a nuestro \u00e1rbol de familia. Nos sentimos desamparados y desprotegidos al enfrentar cambios dr\u00e1sticos dentro de la vida familiar.<\/p>\n<p>Cada persona afronta la muerte y el duelo de manera distinta, pero existen etapas con las que nos podemos identificar.<\/p>\n<h2>Etapas del duelo<\/h2>\n<h3>Negaci\u00f3n<\/h3>\n<p>Hay preguntas a las que no encuentras respuesta, puede que tu car\u00e1cter fluct\u00fae entre rabia, tristeza o incredulidad. Sientes que no podr\u00e1s recuperarte, que es una p\u00e9rdida a la que no podr\u00e1s hacerle frente.<\/p>\n<h3>Reconocimiento<\/h3>\n<p>Empiezas a asumir la p\u00e9rdida de tu padre o madre y el duelo se convierte en recuerdos, memorias, momentos y ense\u00f1anzas. Entiendes que se han ido y agradeces haberlos tenido a tu lado y haber crecido con ellos.<\/p>\n<h3>Aceptaci\u00f3n<\/h3>\n<p>Eres consciente de que no van a volver y empiezas a planear tu vida sabiendo que ellos ya no ser\u00e1n parte de esta. Eso no significa que los vayas a olvidar, pues los recuerdas m\u00e1s que nunca en cada paso que das.<\/p>\n<p>Aunque tus hermanos e incluso hijos tambi\u00e9n est\u00e9n atravesando esta p\u00e9rdida, el duelo es algo personal y el tiempo que lleva superarlo tambi\u00e9n. Recuerda rodearte siempre de una red de protecci\u00f3n en la que pueden estar los amigos o familia. Deja que te ayuden, abracen, escuchen y acompa\u00f1en en este proceso, pues son parte importante para tu recuperaci\u00f3n y ser\u00e1n la conexi\u00f3n que sigues necesitando.<\/p>\n<h2>Duelo en ni\u00f1os<\/h2>\n<p>La forma de enfrentar la muerte de los padres en un ni\u00f1o va a depender de su edad, su entorno, el entendimiento que tenga sobre la muerte y de c\u00f3mo act\u00faan, qu\u00e9 dicen y c\u00f3mo est\u00e1n sobrellevando el duelo las personas que le rodean.<\/p>\n<p>Pueden demostrar reacciones tanto emocionales como f\u00edsicas. Los cambios de conducta pueden ser un factor que hay que observar, pues pueden variar desde hacerse notar m\u00e1s o guardar silencio y hacer como si nada hubiera pasado. Las reacciones f\u00edsicas pueden ir desde dolores o cambios en las horas de sue\u00f1o.<\/p>\n<h2>C\u00f3mo ayudarle a entender<\/h2>\n<h3>Hablarle con la verdad<\/h3>\n<p>Compartir lo que sientes ante la muerte de su padre o madre le ayudar\u00e1 a expresar mejor lo que piensa y siente sobre su duelo. No temas llorar ante \u00e9l o ella pues le est\u00e1s demostrando que tambi\u00e9n lo puede hacer y que no est\u00e1 mal expresar tristeza.<\/p>\n<p>Si no le es f\u00e1cil hablar puedes proponerle dibujar sus sentimientos o ponerle colores a lo que siente en ese momento.<\/p>\n<h3>Ser directo<\/h3>\n<p>Las palabras confusas como \u201cest\u00e1 en el cielo\u201d, \u201cse fue\u201d, \u201cya no est\u00e1\u201d no le ayudar\u00e1n a entender lo que est\u00e1 pasando y puede que piense que sus padres lo dejaron o que en alg\u00fan momento van a regresar. Hablarle con claridad y honestidad sobre la muerte le ayudar\u00e1 a comprender y asumir su duelo.<\/p>\n<h3>Ay\u00fadale a recordar<\/h3>\n<p>Es importante mantener el ritmo y h\u00e1bitos que ten\u00eda en casa con mam\u00e1 y pap\u00e1, as\u00ed como mantener actividades como leer cuentos, jugar, salir a pasear, hacer cosas que sol\u00eda hacer con ellos. Alimentar el recuerdo por medio de fotos, frases e incluso reglas le ayudar\u00e1 a no perder la estructura y la vida a la que estaba acostumbrado.<\/p>\n<p>En cuanto al velorio y entierro, es necesario preguntar al ni\u00f1o si quiere asistir y explicarle de qu\u00e9 se trata es fundamental. Permitir que llore y se despida, que haga preguntas y entienda que los que le rodean tambi\u00e9n sienten dolor, le ayudar\u00e1 a verlo m\u00e1s real.<\/p>\n<p>Aunque el ni\u00f1o o ni\u00f1a haya querido asistir, debemos preguntarles si se sienten c\u00f3modos, si tienen dudas, si quieren seguir ah\u00ed o si quieren salir.<br \/>\nOtra opci\u00f3n es hacerle parte de una de las ceremonias para que no presencie todo el proceso funerario.<\/p>\n<h2>Para afrontar el proceso de duelo con tranquilidad<\/h2>\n<p>Cuenta antes, durante y despu\u00e9s con Sociedad Funeraria Nacional.<br \/>\nUn plan exequial te ayudar\u00e1 a ti y a tu familia para que no se preocupen por nada m\u00e1s que por atravesar el duelo juntos.<\/p>\n<p>Nosotros nos ocuparemos de los detalles de log\u00edstica, tr\u00e1mites y preparaciones. Conoce m\u00e1s de nuestros servicios exequiales, salas de velaci\u00f3n, camposantos y m\u00e1s <strong><a href=\"https:\/\/www.sociedadfunerarianacional.com\/\" target=\"_blank\" rel=\"noopener\">aqu\u00ed<\/a><\/strong>.<\/p>\n<p><strong>SFN<\/strong>, ahora y en la hora.<\/p>\n","protected":false},"excerpt":{"rendered":"<p>La muerte de un padre o madre es una de las despedidas m\u00e1s dolorosas que como hijos podemos enfrentar. El duelo ser\u00e1 diferente si los perdemos como adultos o a\u00fan siendo ni\u00f1os. Cuando uno de los padres fallece, generalmente nos enfocamos en el que se queda, d\u00e1ndole m\u00e1s apoyo, m\u00e1s atenci\u00f3n y afecto. Hacerlo est\u00e1 bien, pero cuidar de nuestra salud y estado mental nos ayudar\u00e1 a saber sobrellevarlo mejor y ser ese apoyo que el otro necesita sin dejarnos de lado. Sin embargo, para un hijo el duelo de afrontar la p\u00e9rdida de ambos padres afecta directamente a nuestro legado, a nuestro \u00e1rbol de familia. Nos sentimos desamparados y desprotegidos al enfrentar cambios dr\u00e1sticos dentro de la vida familiar. Cada persona afronta la muerte y el duelo de manera distinta, pero existen etapas con las que nos podemos identificar. Etapas del duelo Negaci\u00f3n Hay preguntas a las que no encuentras respuesta, puede que tu car\u00e1cter fluct\u00fae entre rabia, tristeza o incredulidad. Sientes que no podr\u00e1s recuperarte, que es una p\u00e9rdida a la que no podr\u00e1s hacerle frente. Reconocimiento Empiezas a asumir la p\u00e9rdida de tu padre o madre y el duelo se convierte en recuerdos, memorias, momentos y ense\u00f1anzas. Entiendes que se han ido y agradeces haberlos tenido a tu lado y haber crecido con ellos. Aceptaci\u00f3n Eres consciente de que no van a volver y empiezas a planear tu vida sabiendo que ellos ya no ser\u00e1n parte de esta. Eso no significa que los vayas a olvidar, pues los recuerdas m\u00e1s que nunca en cada paso que das. Aunque tus hermanos e incluso hijos tambi\u00e9n est\u00e9n atravesando esta p\u00e9rdida, el duelo es algo personal y el tiempo que lleva superarlo tambi\u00e9n. Recuerda rodearte siempre de una red de protecci\u00f3n en la que pueden estar los amigos o familia. Deja que te ayuden, abracen, escuchen y acompa\u00f1en en este proceso, pues son parte importante para tu recuperaci\u00f3n y ser\u00e1n la conexi\u00f3n que sigues necesitando. Duelo en ni\u00f1os La forma de enfrentar la muerte de los padres en un ni\u00f1o va a depender de su edad, su entorno, el entendimiento que tenga sobre la muerte y de c\u00f3mo act\u00faan, qu\u00e9 dicen y c\u00f3mo est\u00e1n sobrellevando el duelo las personas que le rodean. Pueden demostrar reacciones tanto emocionales como f\u00edsicas. Los cambios de conducta pueden ser un factor que hay que observar, pues pueden variar desde hacerse notar m\u00e1s o guardar silencio y hacer como si nada hubiera pasado. Las reacciones f\u00edsicas pueden ir desde dolores o cambios en las horas de sue\u00f1o. C\u00f3mo ayudarle a entender Hablarle con la verdad Compartir lo que sientes ante la muerte de su padre o madre le ayudar\u00e1 a expresar mejor lo que piensa y siente sobre su duelo. No temas llorar ante \u00e9l o ella pues le est\u00e1s demostrando que tambi\u00e9n lo puede hacer y que no est\u00e1 mal expresar tristeza. Si no le es f\u00e1cil hablar puedes proponerle dibujar sus sentimientos o ponerle colores a lo que siente en ese momento. Ser directo Las palabras confusas como \u201cest\u00e1 en el cielo\u201d, \u201cse fue\u201d, \u201cya no est\u00e1\u201d no le ayudar\u00e1n a entender lo [&hellip;]<\/p>\n","protected":false},"author":1,"featured_media":838,"comment_status":"open","ping_status":"open","sticky":false,"template":"","format":"standard","meta":{"footnotes":""},"categories":[37],"tags":[43,42,41,40],"class_list":["post-839","post","type-post","status-publish","format-standard","has-post-thumbnail","hentry","category-superar-el-duelo","tag-duelo","tag-familia","tag-hijos","tag-muerte-padres"],"yoast_head":"<!-- This site is optimized with the Yoast SEO plugin v19.10 - https:\/\/yoast.com\/wordpress\/plugins\/seo\/ -->\n<title>Decir adi\u00f3s a nuestros padres. \u00bfC\u00f3mo afrontarlo? | Sociedad Funeraria Nacional<\/title>\n<meta name=\"description\" content=\"Cuando uno de los padres fallece, generalmente nos enfocamos en el que se queda, d\u00e1ndole m\u00e1s apoyo, m\u00e1s atenci\u00f3n y afecto\" \/>\n<meta name=\"robots\" content=\"index, follow, max-snippet:-1, max-image-preview:large, max-video-preview:-1\" \/>\n<link rel=\"canonical\" href=\"https:\/\/sociedadfunerarianacional.com\/blog\/decir-adios-a-nuestros-padres\/\" \/>\n<meta property=\"og:locale\" content=\"es_ES\" \/>\n<meta property=\"og:type\" content=\"article\" \/>\n<meta property=\"og:title\" content=\"Decir adi\u00f3s a nuestros padres. \u00bfC\u00f3mo afrontarlo?\" \/>\n<meta property=\"og:description\" content=\"Cuando uno de los padres fallece, generalmente nos enfocamos en el que se queda, d\u00e1ndole m\u00e1s apoyo, m\u00e1s atenci\u00f3n y afecto.\" \/>\n<meta property=\"og:url\" content=\"https:\/\/sociedadfunerarianacional.com\/blog\/decir-adios-a-nuestros-padres\/\" \/>\n<meta property=\"og:site_name\" content=\"Sociedad Funeraria Nacional\" \/>\n<meta property=\"article:published_time\" content=\"2024-09-16T14:06:19+00:00\" \/>\n<meta property=\"article:modified_time\" content=\"2024-09-16T14:06:20+00:00\" \/>\n<meta property=\"og:image\" content=\"https:\/\/sociedadfunerarianacional.com\/blog\/wp-content\/uploads\/2024\/09\/duelo-padres-fb.png\" \/>\n\t<meta property=\"og:image:width\" content=\"1200\" \/>\n\t<meta property=\"og:image:height\" content=\"630\" \/>\n\t<meta property=\"og:image:type\" content=\"image\/png\" \/>\n<meta name=\"author\" content=\"Sociedad Funeraria Nacional\" \/>\n<meta name=\"twitter:card\" content=\"summary_large_image\" \/>\n<meta name=\"twitter:label1\" content=\"Escrito por\" \/>\n\t<meta name=\"twitter:data1\" content=\"Sociedad Funeraria Nacional\" \/>\n\t<meta name=\"twitter:label2\" content=\"Tiempo de lectura\" \/>\n\t<meta name=\"twitter:data2\" content=\"4 minutos\" \/>\n<script type=\"application\/ld+json\" class=\"yoast-schema-graph\">{\"@context\":\"https:\/\/schema.org\",\"@graph\":[{\"@type\":\"WebPage\",\"@id\":\"https:\/\/sociedadfunerarianacional.com\/blog\/decir-adios-a-nuestros-padres\/\",\"url\":\"https:\/\/sociedadfunerarianacional.com\/blog\/decir-adios-a-nuestros-padres\/\",\"name\":\"Decir adi\u00f3s a nuestros padres. \u00bfC\u00f3mo afrontarlo? | Sociedad Funeraria Nacional\",\"isPartOf\":{\"@id\":\"https:\/\/sociedadfunerarianacional.com\/blog\/#website\"},\"datePublished\":\"2024-09-16T14:06:19+00:00\",\"dateModified\":\"2024-09-16T14:06:20+00:00\",\"author\":{\"@id\":\"https:\/\/sociedadfunerarianacional.com\/blog\/#\/schema\/person\/c779f9de8379a71bfddafb365d245570\"},\"description\":\"Cuando uno de los padres fallece, generalmente nos enfocamos en el que se queda, d\u00e1ndole m\u00e1s apoyo, m\u00e1s atenci\u00f3n y afecto\",\"breadcrumb\":{\"@id\":\"https:\/\/sociedadfunerarianacional.com\/blog\/decir-adios-a-nuestros-padres\/#breadcrumb\"},\"inLanguage\":\"es\",\"potentialAction\":[{\"@type\":\"ReadAction\",\"target\":[\"https:\/\/sociedadfunerarianacional.com\/blog\/decir-adios-a-nuestros-padres\/\"]}]},{\"@type\":\"BreadcrumbList\",\"@id\":\"https:\/\/sociedadfunerarianacional.com\/blog\/decir-adios-a-nuestros-padres\/#breadcrumb\",\"itemListElement\":[{\"@type\":\"ListItem\",\"position\":1,\"name\":\"Portada\",\"item\":\"https:\/\/sociedadfunerarianacional.com\/blog\/\"},{\"@type\":\"ListItem\",\"position\":2,\"name\":\"Decir adi\u00f3s a nuestros padres. \u00bfC\u00f3mo afrontarlo?\"}]},{\"@type\":\"WebSite\",\"@id\":\"https:\/\/sociedadfunerarianacional.com\/blog\/#website\",\"url\":\"https:\/\/sociedadfunerarianacional.com\/blog\/\",\"name\":\"Sociedad Funeraria Nacional\",\"description\":\"Blog\",\"potentialAction\":[{\"@type\":\"SearchAction\",\"target\":{\"@type\":\"EntryPoint\",\"urlTemplate\":\"https:\/\/sociedadfunerarianacional.com\/blog\/?s={search_term_string}\"},\"query-input\":\"required name=search_term_string\"}],\"inLanguage\":\"es\"},{\"@type\":\"Person\",\"@id\":\"https:\/\/sociedadfunerarianacional.com\/blog\/#\/schema\/person\/c779f9de8379a71bfddafb365d245570\",\"name\":\"Sociedad Funeraria Nacional\",\"image\":{\"@type\":\"ImageObject\",\"inLanguage\":\"es\",\"@id\":\"https:\/\/sociedadfunerarianacional.com\/blog\/#\/schema\/person\/image\/\",\"url\":\"https:\/\/secure.gravatar.com\/avatar\/1f8c4c6a6370c0f853c54ee051c5f3c43edd47cbcb841d36fa14add06ddeaa91?s=96&d=mm&r=g\",\"contentUrl\":\"https:\/\/secure.gravatar.com\/avatar\/1f8c4c6a6370c0f853c54ee051c5f3c43edd47cbcb841d36fa14add06ddeaa91?s=96&d=mm&r=g\",\"caption\":\"Sociedad Funeraria Nacional\"},\"sameAs\":[\"http:\/\/webmarketing.com.ec\/sfnblog\"],\"url\":\"https:\/\/sociedadfunerarianacional.com\/blog\/author\/abermeo\/\"}]}<\/script>\n<!-- \/ Yoast SEO plugin. -->","yoast_head_json":{"title":"Decir adi\u00f3s a nuestros padres. \u00bfC\u00f3mo afrontarlo? | Sociedad Funeraria Nacional","description":"Cuando uno de los padres fallece, generalmente nos enfocamos en el que se queda, d\u00e1ndole m\u00e1s apoyo, m\u00e1s atenci\u00f3n y afecto","robots":{"index":"index","follow":"follow","max-snippet":"max-snippet:-1","max-image-preview":"max-image-preview:large","max-video-preview":"max-video-preview:-1"},"canonical":"https:\/\/sociedadfunerarianacional.com\/blog\/decir-adios-a-nuestros-padres\/","og_locale":"es_ES","og_type":"article","og_title":"Decir adi\u00f3s a nuestros padres. \u00bfC\u00f3mo afrontarlo?","og_description":"Cuando uno de los padres fallece, generalmente nos enfocamos en el que se queda, d\u00e1ndole m\u00e1s apoyo, m\u00e1s atenci\u00f3n y afecto.","og_url":"https:\/\/sociedadfunerarianacional.com\/blog\/decir-adios-a-nuestros-padres\/","og_site_name":"Sociedad Funeraria Nacional","article_published_time":"2024-09-16T14:06:19+00:00","article_modified_time":"2024-09-16T14:06:20+00:00","og_image":[{"width":1200,"height":630,"url":"https:\/\/sociedadfunerarianacional.com\/blog\/wp-content\/uploads\/2024\/09\/duelo-padres-fb.png","type":"image\/png"}],"author":"Sociedad Funeraria Nacional","twitter_card":"summary_large_image","twitter_misc":{"Escrito por":"Sociedad Funeraria Nacional","Tiempo de lectura":"4 minutos"},"schema":{"@context":"https:\/\/schema.org","@graph":[{"@type":"WebPage","@id":"https:\/\/sociedadfunerarianacional.com\/blog\/decir-adios-a-nuestros-padres\/","url":"https:\/\/sociedadfunerarianacional.com\/blog\/decir-adios-a-nuestros-padres\/","name":"Decir adi\u00f3s a nuestros padres. \u00bfC\u00f3mo afrontarlo? | Sociedad Funeraria Nacional","isPartOf":{"@id":"https:\/\/sociedadfunerarianacional.com\/blog\/#website"},"datePublished":"2024-09-16T14:06:19+00:00","dateModified":"2024-09-16T14:06:20+00:00","author":{"@id":"https:\/\/sociedadfunerarianacional.com\/blog\/#\/schema\/person\/c779f9de8379a71bfddafb365d245570"},"description":"Cuando uno de los padres fallece, generalmente nos enfocamos en el que se queda, d\u00e1ndole m\u00e1s apoyo, m\u00e1s atenci\u00f3n y afecto","breadcrumb":{"@id":"https:\/\/sociedadfunerarianacional.com\/blog\/decir-adios-a-nuestros-padres\/#breadcrumb"},"inLanguage":"es","potentialAction":[{"@type":"ReadAction","target":["https:\/\/sociedadfunerarianacional.com\/blog\/decir-adios-a-nuestros-padres\/"]}]},{"@type":"BreadcrumbList","@id":"https:\/\/sociedadfunerarianacional.com\/blog\/decir-adios-a-nuestros-padres\/#breadcrumb","itemListElement":[{"@type":"ListItem","position":1,"name":"Portada","item":"https:\/\/sociedadfunerarianacional.com\/blog\/"},{"@type":"ListItem","position":2,"name":"Decir adi\u00f3s a nuestros padres. \u00bfC\u00f3mo afrontarlo?"}]},{"@type":"WebSite","@id":"https:\/\/sociedadfunerarianacional.com\/blog\/#website","url":"https:\/\/sociedadfunerarianacional.com\/blog\/","name":"Sociedad Funeraria Nacional","description":"Blog","potentialAction":[{"@type":"SearchAction","target":{"@type":"EntryPoint","urlTemplate":"https:\/\/sociedadfunerarianacional.com\/blog\/?s={search_term_string}"},"query-input":"required name=search_term_string"}],"inLanguage":"es"},{"@type":"Person","@id":"https:\/\/sociedadfunerarianacional.com\/blog\/#\/schema\/person\/c779f9de8379a71bfddafb365d245570","name":"Sociedad Funeraria Nacional","image":{"@type":"ImageObject","inLanguage":"es","@id":"https:\/\/sociedadfunerarianacional.com\/blog\/#\/schema\/person\/image\/","url":"https:\/\/secure.gravatar.com\/avatar\/1f8c4c6a6370c0f853c54ee051c5f3c43edd47cbcb841d36fa14add06ddeaa91?s=96&d=mm&r=g","contentUrl":"https:\/\/secure.gravatar.com\/avatar\/1f8c4c6a6370c0f853c54ee051c5f3c43edd47cbcb841d36fa14add06ddeaa91?s=96&d=mm&r=g","caption":"Sociedad Funeraria Nacional"},"sameAs":["http:\/\/webmarketing.com.ec\/sfnblog"],"url":"https:\/\/sociedadfunerarianacional.com\/blog\/author\/abermeo\/"}]}},"_links":{"self":[{"href":"https:\/\/sociedadfunerarianacional.com\/blog\/wp-json\/wp\/v2\/posts\/839","targetHints":{"allow":["GET"]}}],"collection":[{"href":"https:\/\/sociedadfunerarianacional.com\/blog\/wp-json\/wp\/v2\/posts"}],"about":[{"href":"https:\/\/sociedadfunerarianacional.com\/blog\/wp-json\/wp\/v2\/types\/post"}],"author":[{"embeddable":true,"href":"https:\/\/sociedadfunerarianacional.com\/blog\/wp-json\/wp\/v2\/users\/1"}],"replies":[{"embeddable":true,"href":"https:\/\/sociedadfunerarianacional.com\/blog\/wp-json\/wp\/v2\/comments?post=839"}],"version-history":[{"count":1,"href":"https:\/\/sociedadfunerarianacional.com\/blog\/wp-json\/wp\/v2\/posts\/839\/revisions"}],"predecessor-version":[{"id":840,"href":"https:\/\/sociedadfunerarianacional.com\/blog\/wp-json\/wp\/v2\/posts\/839\/revisions\/840"}],"wp:featuredmedia":[{"embeddable":true,"href":"https:\/\/sociedadfunerarianacional.com\/blog\/wp-json\/wp\/v2\/media\/838"}],"wp:attachment":[{"href":"https:\/\/sociedadfunerarianacional.com\/blog\/wp-json\/wp\/v2\/media?parent=839"}],"wp:term":[{"taxonomy":"category","embeddable":true,"href":"https:\/\/sociedadfunerarianacional.com\/blog\/wp-json\/wp\/v2\/categories?post=839"},{"taxonomy":"post_tag","embeddable":true,"href":"https:\/\/sociedadfunerarianacional.com\/blog\/wp-json\/wp\/v2\/tags?post=839"}],"curies":[{"name":"wp","href":"https:\/\/api.w.org\/{rel}","templated":true}]}}