{"id":754,"date":"2021-08-02T10:36:21","date_gmt":"2021-08-02T15:36:21","guid":{"rendered":"https:\/\/sociedadfunerarianacional.com\/blog\/?p=754"},"modified":"2022-09-01T16:16:01","modified_gmt":"2022-09-01T21:16:01","slug":"nueva-vida-desde-cero","status":"publish","type":"post","link":"https:\/\/sociedadfunerarianacional.com\/blog\/nueva-vida-desde-cero\/","title":{"rendered":"Comienza una nueva vida, hazlo desde cero"},"content":{"rendered":"<p>Hay momentos en los que partir de cero es la respuesta, ya sea porque has pasado por una situaci\u00f3n dif\u00edcil o por comenzar a vivir como anhelas.<\/p>\n<p>Antes de empezar, mentaliza siempre que eres capaz de lograr todo lo que te propongas porque eres tu propio agente de cambio. Pensar que siempre hay una salida y que los problemas se solucionan, es un buen comienzo.<\/p>\n<p>Comenzar nuevos h\u00e1bitos o darle un giro a tu vida es una decisi\u00f3n importante incluso atractiva, pero afrontar lo nuevo no es f\u00e1cil, por eso te traemos estos consejos para que puedas empezar de cero y emprender tu nuevos camino:<\/p>\n<ol>\n<li>Analiza tu momento actual \u00bfPor qu\u00e9 buscas cambiar de vida?<br \/>\nAntes de tomar una decisi\u00f3n importante delibera sobre las razones que te motivan a hacerlo. Para esto, te recomendamos fijar un d\u00eda o una noche y coger un l\u00e1piz, un cuaderno y apuntar todos los motivos por los que quieres este cambio. Cuando los leas tendr\u00e1s m\u00e1s claras tus ideas y si tomas la decisi\u00f3n, lo har\u00e1s con argumentos.<\/li>\n<li>Sana tus heridas<br \/>\nPara sentirte como nuevo, el perd\u00f3n es el primer paso. Superar tus conflictos te ayudar\u00e1 a soltar el pasado y no permitir que esos inc\u00f3modos recuerdos o sentimientos sirvan de ancla en tu proceso de transformaci\u00f3n.<\/li>\n<li>Identifica a d\u00f3nde quieres llegar.<br \/>\nEste es el momento en el que con una hoja en blanco y un l\u00e1piz, marcar\u00e1s tu punto de partida. Escribe \u201cAqu\u00ed voy\u201d y tomando en cuenta lo que escribiste en tu primer listado (punto 1), replantea lo que quieres cambiar y a d\u00f3nde quieres llegar. Por ejemplo:<\/p>\n<p><strong>No deseo:<\/strong> Un trabajo mal remunerado que absorbe mi tiempo.<br \/>\n<strong>Lo que quiero:<\/strong> Ser mi propio jefe, tener m\u00e1s tiempo, hacer crecer mi patrimonio, y compartir tiempo con las personas que amo.<\/li>\n<li>Ten un plan de acci\u00f3n \u00bfC\u00f3mo lograr\u00e1s lo que deseas?<br \/>\nAhora que sabes lo que quieres, lo que necesitas es un plan que te ayude a lograr tus objetivos de manera f\u00e1cil y viable. Hazte preguntas y resp\u00f3ndelas; ejemplo:<\/p>\n<ul>\n<li>\u00bfC\u00f3mo una persona puede llegar a ser su propio jefe?<br \/>\nRespuesta: \u00a1Emprendiendo!<\/li>\n<li>\u00bfQu\u00e9 me apasiona? \u00bfQu\u00e9 servicio o producto me gustar\u00eda ofertar?<br \/>\nRespuesta: Me gusta preparar pasteles \u00a1Es mi pasi\u00f3n!<\/li>\n<\/ul>\n<\/li>\n<li>Rod\u00e9ate de gente nueva, cambia de ambiente Encuentra a personas con las que te identifiques o que hayan pasado por lo mismo que t\u00fa. Quiz\u00e1 quienes se atrevieron a comenzar desde cero para cumplir sus sue\u00f1os. Te damos una idea&#8230;\n<ul>\n<li>\u00bfDeseas ser un emprendedor? &#8211; Asiste a eventos de negocios y charlas de emprendimiento.<\/li>\n<li>\u00bfDeseas cambiar tu aspecto f\u00edsico? &#8211; Inscr\u00edbete a un gimnasio o ve a un nutricionista.<\/li>\n<\/ul>\n<\/li>\n<\/ol>\n<p>Con estos 5 pasos, tal vez no cambiar\u00e1s tu vida por completo, pero es un buen comienzo hacia un \u201cborr\u00f3n y cuenta nueva\u201d. Ahora que conoces c\u00f3mo hacerlo, conf\u00eda. Nunca es tarde para empezar de nuevo. La seguridad en ti mismo es clave para cumplirlo. \u00a1S\u00e9 positivo! No te alejes de lo que deseas y c\u00e9ntrate en conseguir tus objetivos.<\/p>\n","protected":false},"excerpt":{"rendered":"<p>Hay momentos en los que partir de cero es la respuesta, ya sea porque has pasado por una situaci\u00f3n dif\u00edcil o por comenzar a vivir como anhelas.<\/p>\n","protected":false},"author":1,"featured_media":755,"comment_status":"open","ping_status":"open","sticky":false,"template":"","format":"standard","meta":{"footnotes":""},"categories":[39],"tags":[],"class_list":["post-754","post","type-post","status-publish","format-standard","has-post-thumbnail","hentry","category-vivir-en-calma"],"yoast_head":"<!-- This site is optimized with the Yoast SEO plugin v19.10 - https:\/\/yoast.com\/wordpress\/plugins\/seo\/ -->\n<title>Comienza una nueva vida, hazlo desde cero - Sociedad Funeraria Nacional<\/title>\n<meta name=\"description\" content=\"Hay momentos en los que partir de cero es la respuesta, ya sea porque has pasado por una situaci\u00f3n dif\u00edcil o por comenzar a vivir como anhelas.\" \/>\n<meta name=\"robots\" content=\"index, follow, max-snippet:-1, max-image-preview:large, max-video-preview:-1\" \/>\n<link rel=\"canonical\" href=\"https:\/\/sociedadfunerarianacional.com\/blog\/nueva-vida-desde-cero\/\" \/>\n<meta property=\"og:locale\" content=\"es_ES\" \/>\n<meta property=\"og:type\" content=\"article\" \/>\n<meta property=\"og:title\" content=\"Comienza un nueva vida, hazlo desde cero\" \/>\n<meta property=\"og:description\" content=\"Hay momentos en los que partir de cero es la respuesta, ya sea porque has pasado por una situaci\u00f3n dif\u00edcil o por comenzar a vivir como anhelas.\" \/>\n<meta property=\"og:url\" content=\"https:\/\/sociedadfunerarianacional.com\/blog\/nueva-vida-desde-cero\/\" \/>\n<meta property=\"og:site_name\" content=\"Sociedad Funeraria Nacional\" \/>\n<meta property=\"article:published_time\" content=\"2021-08-02T15:36:21+00:00\" \/>\n<meta property=\"article:modified_time\" content=\"2022-09-01T21:16:01+00:00\" \/>\n<meta property=\"og:image\" content=\"http:\/\/sociedadfunerarianacional.com\/blog\/wp-content\/uploads\/2021\/08\/art_comienza-de0-fb.png\" \/>\n\t<meta property=\"og:image:width\" content=\"1200\" \/>\n\t<meta property=\"og:image:height\" content=\"630\" \/>\n\t<meta property=\"og:image:type\" content=\"image\/png\" \/>\n<meta name=\"author\" content=\"Sociedad Funeraria Nacional\" \/>\n<meta name=\"twitter:card\" content=\"summary_large_image\" \/>\n<meta name=\"twitter:label1\" content=\"Escrito por\" \/>\n\t<meta name=\"twitter:data1\" content=\"Sociedad Funeraria Nacional\" \/>\n\t<meta name=\"twitter:label2\" content=\"Tiempo de lectura\" \/>\n\t<meta name=\"twitter:data2\" content=\"3 minutos\" \/>\n<script type=\"application\/ld+json\" class=\"yoast-schema-graph\">{\"@context\":\"https:\/\/schema.org\",\"@graph\":[{\"@type\":\"WebPage\",\"@id\":\"https:\/\/sociedadfunerarianacional.com\/blog\/nueva-vida-desde-cero\/\",\"url\":\"https:\/\/sociedadfunerarianacional.com\/blog\/nueva-vida-desde-cero\/\",\"name\":\"Comienza una nueva vida, hazlo desde cero - Sociedad Funeraria Nacional\",\"isPartOf\":{\"@id\":\"https:\/\/sociedadfunerarianacional.com\/blog\/#website\"},\"datePublished\":\"2021-08-02T15:36:21+00:00\",\"dateModified\":\"2022-09-01T21:16:01+00:00\",\"author\":{\"@id\":\"https:\/\/sociedadfunerarianacional.com\/blog\/#\/schema\/person\/c779f9de8379a71bfddafb365d245570\"},\"description\":\"Hay momentos en los que partir de cero es la respuesta, ya sea porque has pasado por una situaci\u00f3n dif\u00edcil o por comenzar a vivir como anhelas.\",\"breadcrumb\":{\"@id\":\"https:\/\/sociedadfunerarianacional.com\/blog\/nueva-vida-desde-cero\/#breadcrumb\"},\"inLanguage\":\"es\",\"potentialAction\":[{\"@type\":\"ReadAction\",\"target\":[\"https:\/\/sociedadfunerarianacional.com\/blog\/nueva-vida-desde-cero\/\"]}]},{\"@type\":\"BreadcrumbList\",\"@id\":\"https:\/\/sociedadfunerarianacional.com\/blog\/nueva-vida-desde-cero\/#breadcrumb\",\"itemListElement\":[{\"@type\":\"ListItem\",\"position\":1,\"name\":\"Portada\",\"item\":\"https:\/\/sociedadfunerarianacional.com\/blog\/\"},{\"@type\":\"ListItem\",\"position\":2,\"name\":\"Comienza una nueva vida, hazlo desde cero\"}]},{\"@type\":\"WebSite\",\"@id\":\"https:\/\/sociedadfunerarianacional.com\/blog\/#website\",\"url\":\"https:\/\/sociedadfunerarianacional.com\/blog\/\",\"name\":\"Sociedad Funeraria Nacional\",\"description\":\"Blog\",\"potentialAction\":[{\"@type\":\"SearchAction\",\"target\":{\"@type\":\"EntryPoint\",\"urlTemplate\":\"https:\/\/sociedadfunerarianacional.com\/blog\/?s={search_term_string}\"},\"query-input\":\"required name=search_term_string\"}],\"inLanguage\":\"es\"},{\"@type\":\"Person\",\"@id\":\"https:\/\/sociedadfunerarianacional.com\/blog\/#\/schema\/person\/c779f9de8379a71bfddafb365d245570\",\"name\":\"Sociedad Funeraria Nacional\",\"image\":{\"@type\":\"ImageObject\",\"inLanguage\":\"es\",\"@id\":\"https:\/\/sociedadfunerarianacional.com\/blog\/#\/schema\/person\/image\/\",\"url\":\"https:\/\/secure.gravatar.com\/avatar\/1f8c4c6a6370c0f853c54ee051c5f3c43edd47cbcb841d36fa14add06ddeaa91?s=96&d=mm&r=g\",\"contentUrl\":\"https:\/\/secure.gravatar.com\/avatar\/1f8c4c6a6370c0f853c54ee051c5f3c43edd47cbcb841d36fa14add06ddeaa91?s=96&d=mm&r=g\",\"caption\":\"Sociedad Funeraria Nacional\"},\"sameAs\":[\"http:\/\/webmarketing.com.ec\/sfnblog\"],\"url\":\"https:\/\/sociedadfunerarianacional.com\/blog\/author\/abermeo\/\"}]}<\/script>\n<!-- \/ Yoast SEO plugin. -->","yoast_head_json":{"title":"Comienza una nueva vida, hazlo desde cero - Sociedad Funeraria Nacional","description":"Hay momentos en los que partir de cero es la respuesta, ya sea porque has pasado por una situaci\u00f3n dif\u00edcil o por comenzar a vivir como anhelas.","robots":{"index":"index","follow":"follow","max-snippet":"max-snippet:-1","max-image-preview":"max-image-preview:large","max-video-preview":"max-video-preview:-1"},"canonical":"https:\/\/sociedadfunerarianacional.com\/blog\/nueva-vida-desde-cero\/","og_locale":"es_ES","og_type":"article","og_title":"Comienza un nueva vida, hazlo desde cero","og_description":"Hay momentos en los que partir de cero es la respuesta, ya sea porque has pasado por una situaci\u00f3n dif\u00edcil o por comenzar a vivir como anhelas.","og_url":"https:\/\/sociedadfunerarianacional.com\/blog\/nueva-vida-desde-cero\/","og_site_name":"Sociedad Funeraria Nacional","article_published_time":"2021-08-02T15:36:21+00:00","article_modified_time":"2022-09-01T21:16:01+00:00","og_image":[{"width":1200,"height":630,"url":"http:\/\/sociedadfunerarianacional.com\/blog\/wp-content\/uploads\/2021\/08\/art_comienza-de0-fb.png","type":"image\/png"}],"author":"Sociedad Funeraria Nacional","twitter_card":"summary_large_image","twitter_misc":{"Escrito por":"Sociedad Funeraria Nacional","Tiempo de lectura":"3 minutos"},"schema":{"@context":"https:\/\/schema.org","@graph":[{"@type":"WebPage","@id":"https:\/\/sociedadfunerarianacional.com\/blog\/nueva-vida-desde-cero\/","url":"https:\/\/sociedadfunerarianacional.com\/blog\/nueva-vida-desde-cero\/","name":"Comienza una nueva vida, hazlo desde cero - Sociedad Funeraria Nacional","isPartOf":{"@id":"https:\/\/sociedadfunerarianacional.com\/blog\/#website"},"datePublished":"2021-08-02T15:36:21+00:00","dateModified":"2022-09-01T21:16:01+00:00","author":{"@id":"https:\/\/sociedadfunerarianacional.com\/blog\/#\/schema\/person\/c779f9de8379a71bfddafb365d245570"},"description":"Hay momentos en los que partir de cero es la respuesta, ya sea porque has pasado por una situaci\u00f3n dif\u00edcil o por comenzar a vivir como anhelas.","breadcrumb":{"@id":"https:\/\/sociedadfunerarianacional.com\/blog\/nueva-vida-desde-cero\/#breadcrumb"},"inLanguage":"es","potentialAction":[{"@type":"ReadAction","target":["https:\/\/sociedadfunerarianacional.com\/blog\/nueva-vida-desde-cero\/"]}]},{"@type":"BreadcrumbList","@id":"https:\/\/sociedadfunerarianacional.com\/blog\/nueva-vida-desde-cero\/#breadcrumb","itemListElement":[{"@type":"ListItem","position":1,"name":"Portada","item":"https:\/\/sociedadfunerarianacional.com\/blog\/"},{"@type":"ListItem","position":2,"name":"Comienza una nueva vida, hazlo desde cero"}]},{"@type":"WebSite","@id":"https:\/\/sociedadfunerarianacional.com\/blog\/#website","url":"https:\/\/sociedadfunerarianacional.com\/blog\/","name":"Sociedad Funeraria Nacional","description":"Blog","potentialAction":[{"@type":"SearchAction","target":{"@type":"EntryPoint","urlTemplate":"https:\/\/sociedadfunerarianacional.com\/blog\/?s={search_term_string}"},"query-input":"required name=search_term_string"}],"inLanguage":"es"},{"@type":"Person","@id":"https:\/\/sociedadfunerarianacional.com\/blog\/#\/schema\/person\/c779f9de8379a71bfddafb365d245570","name":"Sociedad Funeraria Nacional","image":{"@type":"ImageObject","inLanguage":"es","@id":"https:\/\/sociedadfunerarianacional.com\/blog\/#\/schema\/person\/image\/","url":"https:\/\/secure.gravatar.com\/avatar\/1f8c4c6a6370c0f853c54ee051c5f3c43edd47cbcb841d36fa14add06ddeaa91?s=96&d=mm&r=g","contentUrl":"https:\/\/secure.gravatar.com\/avatar\/1f8c4c6a6370c0f853c54ee051c5f3c43edd47cbcb841d36fa14add06ddeaa91?s=96&d=mm&r=g","caption":"Sociedad Funeraria Nacional"},"sameAs":["http:\/\/webmarketing.com.ec\/sfnblog"],"url":"https:\/\/sociedadfunerarianacional.com\/blog\/author\/abermeo\/"}]}},"_links":{"self":[{"href":"https:\/\/sociedadfunerarianacional.com\/blog\/wp-json\/wp\/v2\/posts\/754","targetHints":{"allow":["GET"]}}],"collection":[{"href":"https:\/\/sociedadfunerarianacional.com\/blog\/wp-json\/wp\/v2\/posts"}],"about":[{"href":"https:\/\/sociedadfunerarianacional.com\/blog\/wp-json\/wp\/v2\/types\/post"}],"author":[{"embeddable":true,"href":"https:\/\/sociedadfunerarianacional.com\/blog\/wp-json\/wp\/v2\/users\/1"}],"replies":[{"embeddable":true,"href":"https:\/\/sociedadfunerarianacional.com\/blog\/wp-json\/wp\/v2\/comments?post=754"}],"version-history":[{"count":2,"href":"https:\/\/sociedadfunerarianacional.com\/blog\/wp-json\/wp\/v2\/posts\/754\/revisions"}],"predecessor-version":[{"id":766,"href":"https:\/\/sociedadfunerarianacional.com\/blog\/wp-json\/wp\/v2\/posts\/754\/revisions\/766"}],"wp:featuredmedia":[{"embeddable":true,"href":"https:\/\/sociedadfunerarianacional.com\/blog\/wp-json\/wp\/v2\/media\/755"}],"wp:attachment":[{"href":"https:\/\/sociedadfunerarianacional.com\/blog\/wp-json\/wp\/v2\/media?parent=754"}],"wp:term":[{"taxonomy":"category","embeddable":true,"href":"https:\/\/sociedadfunerarianacional.com\/blog\/wp-json\/wp\/v2\/categories?post=754"},{"taxonomy":"post_tag","embeddable":true,"href":"https:\/\/sociedadfunerarianacional.com\/blog\/wp-json\/wp\/v2\/tags?post=754"}],"curies":[{"name":"wp","href":"https:\/\/api.w.org\/{rel}","templated":true}]}}