{"id":748,"date":"2021-07-05T12:55:30","date_gmt":"2021-07-05T17:55:30","guid":{"rendered":"https:\/\/sociedadfunerarianacional.com\/blog\/?p=748"},"modified":"2022-09-01T16:17:43","modified_gmt":"2022-09-01T21:17:43","slug":"el-duelo-conocerlo-para-enfrentarlo","status":"publish","type":"post","link":"https:\/\/sociedadfunerarianacional.com\/blog\/el-duelo-conocerlo-para-enfrentarlo\/","title":{"rendered":"El duelo: conocerlo para enfrentarlo"},"content":{"rendered":"\n<p>\u201cNadie puede entender por lo que estoy pasando\u201d. \u00bfLo has escuchado? Imag\u00ednate tener la capacidad de entender lo que sientes o lo que otro atraviesa ante una p\u00e9rdida. Seguramente podr\u00edamos hacerlo m\u00e1s manejable y llevadero. Este fue el pensamiento de la psiquiatra Elisabeth K\u00fcbler-Ross, quien en su teor\u00eda describe al duelo como 5 estados mentales que van evolucionando con el paso del tiempo y de manera secuencial.&nbsp;&nbsp;<\/p>\n\n\n\n<ol class=\"wp-block-list\"><li>Negaci\u00f3n<\/li><\/ol>\n\n\n\n<p>La primera reacci\u00f3n despu\u00e9s de una p\u00e9rdida, generalmente, es evadir la realidad, pensar, sentir y vivir \u201ccomo si nunca hubiese pasado\u201d. Este es un mecanismo de defensa activada de manera consciente o inconsciente para no afrontar esa realidad que nos lastima.&nbsp;<\/p>\n\n\n\n<ol class=\"wp-block-list\" start=\"2\"><li>Ira<\/li><\/ol>\n\n\n\n<p>Una vez cruzada la primera etapa aparecen&nbsp; sentimientos de frustraci\u00f3n ante lo irreversible. Tener conciencia de que \u201cno se puede hacer nada\u201d o de no poder controlar lo inevitable, genera impotencia, ansiedad, que mal canalizadas, desembocan en la b\u00fasqueda de culpables.&nbsp;&nbsp;<\/p>\n\n\n\n<ol class=\"wp-block-list\" start=\"3\"><li>Negociaci\u00f3n<\/li><\/ol>\n\n\n\n<p>El conocid\u00edsimo \u201c\u00bfqu\u00e9 hubiera pasado si\u2026?\u201d o el \u201csi tan solo\u2026\u201d entran en este periodo. Ese inevitable juego de escenarios o circunstancias fantasiosas que pudieron haber cambiado el resultado de los hechos son solo una manera de encontrar respuestas coherentes ante lo que no viene con un manual.<\/p>\n\n\n\n<ol class=\"wp-block-list\" start=\"4\"><li>Depresi\u00f3n&nbsp;<\/li><\/ol>\n\n\n\n<p>El momento de enfrentar la realidad, es aqu\u00ed. Por lo general, el doliente deja de fantasear, conoce su realidad y siente el vac\u00edo de la p\u00e9rdida. La tristeza se hace m\u00e1s intensa, porque se es consciente de que no hay marcha atr\u00e1s y que esa ausencia es definida. En esta etapa es com\u00fan el aislamiento, cambios de rutina y falta de concentraci\u00f3n.&nbsp;<\/p>\n\n\n\n<ol class=\"wp-block-list\" start=\"5\"><li>Aceptaci\u00f3n&nbsp;<\/li><\/ol>\n\n\n\n<p>Aparece cuando se entiende que es posible vivir a pesar de la ausencia de quien ya no est\u00e1. La motivaci\u00f3n empieza a ser parte del d\u00eda a d\u00eda nuevamente y, poco a poco, se presentan m\u00e1s oportunidades y decisiones pensadas en el futuro. Se dice que es el nacimiento hacia una nueva vida donde el dolor es parte de nuestra historia pero no su definici\u00f3n.&nbsp;<\/p>\n\n\n\n<p>Hacer del duelo una etapa llevadera es sin duda un desaf\u00edo. Aqu\u00ed no hay tiempos definidos ni formas de hacerlo. Cada ser humano se enfrenta a este reto de forma distinta, pero en definitiva, ante un duelo, tuyo o de un tercero, el TIEMPO, la PACIENCIA&nbsp; y el ACOMPA\u00d1AMIENTO son claves para atravesarlo de mejor manera.<\/p>\n","protected":false},"excerpt":{"rendered":"<p>\u201cNadie puede entender por lo que estoy pasando\u201d. \u00bfLo has escuchado? Imag\u00ednate tener la capacidad de entender lo que sientes o lo que otro atraviesa ante una p\u00e9rdida. Seguramente podr\u00edamos hacerlo m\u00e1s manejable y llevadero. Este fue el pensamiento de la psiquiatra Elisabeth K\u00fcbler-Ross, quien en su teor\u00eda describe al duelo como 5 estados mentales que van evolucionando con el paso del tiempo y de manera secuencial.&nbsp;&nbsp; Negaci\u00f3n La primera reacci\u00f3n despu\u00e9s de una p\u00e9rdida, generalmente, es evadir la realidad, pensar, sentir y vivir \u201ccomo si nunca hubiese pasado\u201d. Este es un mecanismo de defensa activada de manera consciente o inconsciente para no afrontar esa realidad que nos lastima.&nbsp; Ira Una vez cruzada la primera etapa aparecen&nbsp; sentimientos de frustraci\u00f3n ante lo irreversible. Tener conciencia de que \u201cno se puede hacer nada\u201d o de no poder controlar lo inevitable, genera impotencia, ansiedad, que mal canalizadas, desembocan en la b\u00fasqueda de culpables.&nbsp;&nbsp; Negociaci\u00f3n El conocid\u00edsimo \u201c\u00bfqu\u00e9 hubiera pasado si\u2026?\u201d o el \u201csi tan solo\u2026\u201d entran en este periodo. Ese inevitable juego de escenarios o circunstancias fantasiosas que pudieron haber cambiado el resultado de los hechos son solo una manera de encontrar respuestas coherentes ante lo que no viene con un manual. Depresi\u00f3n&nbsp; El momento de enfrentar la realidad, es aqu\u00ed. Por lo general, el doliente deja de fantasear, conoce su realidad y siente el vac\u00edo de la p\u00e9rdida. La tristeza se hace m\u00e1s intensa, porque se es consciente de que no hay marcha atr\u00e1s y que esa ausencia es definida. En esta etapa es com\u00fan el aislamiento, cambios de rutina y falta de concentraci\u00f3n.&nbsp; Aceptaci\u00f3n&nbsp; Aparece cuando se entiende que es posible vivir a pesar de la ausencia de quien ya no est\u00e1. La motivaci\u00f3n empieza a ser parte del d\u00eda a d\u00eda nuevamente y, poco a poco, se presentan m\u00e1s oportunidades y decisiones pensadas en el futuro. Se dice que es el nacimiento hacia una nueva vida donde el dolor es parte de nuestra historia pero no su definici\u00f3n.&nbsp; Hacer del duelo una etapa llevadera es sin duda un desaf\u00edo. Aqu\u00ed no hay tiempos definidos ni formas de hacerlo. Cada ser humano se enfrenta a este reto de forma distinta, pero en definitiva, ante un duelo, tuyo o de un tercero, el TIEMPO, la PACIENCIA&nbsp; y el ACOMPA\u00d1AMIENTO son claves para atravesarlo de mejor manera.<\/p>\n","protected":false},"author":1,"featured_media":749,"comment_status":"open","ping_status":"open","sticky":false,"template":"","format":"standard","meta":{"footnotes":""},"categories":[37],"tags":[],"class_list":["post-748","post","type-post","status-publish","format-standard","has-post-thumbnail","hentry","category-superar-el-duelo"],"yoast_head":"<!-- This site is optimized with the Yoast SEO plugin v19.10 - https:\/\/yoast.com\/wordpress\/plugins\/seo\/ -->\n<title>El duelo: conocerlo para enfrentarlo - Sociedad Funeraria Nacional<\/title>\n<meta name=\"robots\" content=\"index, follow, max-snippet:-1, max-image-preview:large, max-video-preview:-1\" \/>\n<link rel=\"canonical\" href=\"https:\/\/sociedadfunerarianacional.com\/blog\/el-duelo-conocerlo-para-enfrentarlo\/\" \/>\n<meta property=\"og:locale\" content=\"es_ES\" \/>\n<meta property=\"og:type\" content=\"article\" \/>\n<meta property=\"og:title\" content=\"El duelo: conocerlo para enfrentarlo - Sociedad Funeraria Nacional\" \/>\n<meta property=\"og:description\" content=\"\u201cNadie puede entender por lo que estoy pasando\u201d. \u00bfLo has escuchado? Imag\u00ednate tener la capacidad de entender lo que sientes o lo que otro atraviesa ante una p\u00e9rdida. Seguramente podr\u00edamos hacerlo m\u00e1s manejable y llevadero. Este fue el pensamiento de la psiquiatra Elisabeth K\u00fcbler-Ross, quien en su teor\u00eda describe al duelo como 5 estados mentales que van evolucionando con el paso del tiempo y de manera secuencial.&nbsp;&nbsp; Negaci\u00f3n La primera reacci\u00f3n despu\u00e9s de una p\u00e9rdida, generalmente, es evadir la realidad, pensar, sentir y vivir \u201ccomo si nunca hubiese pasado\u201d. Este es un mecanismo de defensa activada de manera consciente o inconsciente para no afrontar esa realidad que nos lastima.&nbsp; Ira Una vez cruzada la primera etapa aparecen&nbsp; sentimientos de frustraci\u00f3n ante lo irreversible. Tener conciencia de que \u201cno se puede hacer nada\u201d o de no poder controlar lo inevitable, genera impotencia, ansiedad, que mal canalizadas, desembocan en la b\u00fasqueda de culpables.&nbsp;&nbsp; Negociaci\u00f3n El conocid\u00edsimo \u201c\u00bfqu\u00e9 hubiera pasado si\u2026?\u201d o el \u201csi tan solo\u2026\u201d entran en este periodo. Ese inevitable juego de escenarios o circunstancias fantasiosas que pudieron haber cambiado el resultado de los hechos son solo una manera de encontrar respuestas coherentes ante lo que no viene con un manual. Depresi\u00f3n&nbsp; El momento de enfrentar la realidad, es aqu\u00ed. Por lo general, el doliente deja de fantasear, conoce su realidad y siente el vac\u00edo de la p\u00e9rdida. La tristeza se hace m\u00e1s intensa, porque se es consciente de que no hay marcha atr\u00e1s y que esa ausencia es definida. En esta etapa es com\u00fan el aislamiento, cambios de rutina y falta de concentraci\u00f3n.&nbsp; Aceptaci\u00f3n&nbsp; Aparece cuando se entiende que es posible vivir a pesar de la ausencia de quien ya no est\u00e1. La motivaci\u00f3n empieza a ser parte del d\u00eda a d\u00eda nuevamente y, poco a poco, se presentan m\u00e1s oportunidades y decisiones pensadas en el futuro. Se dice que es el nacimiento hacia una nueva vida donde el dolor es parte de nuestra historia pero no su definici\u00f3n.&nbsp; Hacer del duelo una etapa llevadera es sin duda un desaf\u00edo. Aqu\u00ed no hay tiempos definidos ni formas de hacerlo. Cada ser humano se enfrenta a este reto de forma distinta, pero en definitiva, ante un duelo, tuyo o de un tercero, el TIEMPO, la PACIENCIA&nbsp; y el ACOMPA\u00d1AMIENTO son claves para atravesarlo de mejor manera.\" \/>\n<meta property=\"og:url\" content=\"https:\/\/sociedadfunerarianacional.com\/blog\/el-duelo-conocerlo-para-enfrentarlo\/\" \/>\n<meta property=\"og:site_name\" content=\"Sociedad Funeraria Nacional\" \/>\n<meta property=\"article:published_time\" content=\"2021-07-05T17:55:30+00:00\" \/>\n<meta property=\"article:modified_time\" content=\"2022-09-01T21:17:43+00:00\" \/>\n<meta property=\"og:image\" content=\"http:\/\/sociedadfunerarianacional.com\/blog\/wp-content\/uploads\/2021\/07\/art_el-duelo.png\" \/>\n\t<meta property=\"og:image:width\" content=\"800\" \/>\n\t<meta property=\"og:image:height\" content=\"500\" \/>\n\t<meta property=\"og:image:type\" content=\"image\/png\" \/>\n<meta name=\"author\" content=\"Sociedad Funeraria Nacional\" \/>\n<meta name=\"twitter:card\" content=\"summary_large_image\" \/>\n<meta name=\"twitter:label1\" content=\"Escrito por\" \/>\n\t<meta name=\"twitter:data1\" content=\"Sociedad Funeraria Nacional\" \/>\n\t<meta name=\"twitter:label2\" content=\"Tiempo de lectura\" \/>\n\t<meta name=\"twitter:data2\" content=\"2 minutos\" \/>\n<script type=\"application\/ld+json\" class=\"yoast-schema-graph\">{\"@context\":\"https:\/\/schema.org\",\"@graph\":[{\"@type\":\"WebPage\",\"@id\":\"https:\/\/sociedadfunerarianacional.com\/blog\/el-duelo-conocerlo-para-enfrentarlo\/\",\"url\":\"https:\/\/sociedadfunerarianacional.com\/blog\/el-duelo-conocerlo-para-enfrentarlo\/\",\"name\":\"El duelo: conocerlo para enfrentarlo - Sociedad Funeraria Nacional\",\"isPartOf\":{\"@id\":\"https:\/\/sociedadfunerarianacional.com\/blog\/#website\"},\"datePublished\":\"2021-07-05T17:55:30+00:00\",\"dateModified\":\"2022-09-01T21:17:43+00:00\",\"author\":{\"@id\":\"https:\/\/sociedadfunerarianacional.com\/blog\/#\/schema\/person\/c779f9de8379a71bfddafb365d245570\"},\"breadcrumb\":{\"@id\":\"https:\/\/sociedadfunerarianacional.com\/blog\/el-duelo-conocerlo-para-enfrentarlo\/#breadcrumb\"},\"inLanguage\":\"es\",\"potentialAction\":[{\"@type\":\"ReadAction\",\"target\":[\"https:\/\/sociedadfunerarianacional.com\/blog\/el-duelo-conocerlo-para-enfrentarlo\/\"]}]},{\"@type\":\"BreadcrumbList\",\"@id\":\"https:\/\/sociedadfunerarianacional.com\/blog\/el-duelo-conocerlo-para-enfrentarlo\/#breadcrumb\",\"itemListElement\":[{\"@type\":\"ListItem\",\"position\":1,\"name\":\"Portada\",\"item\":\"https:\/\/sociedadfunerarianacional.com\/blog\/\"},{\"@type\":\"ListItem\",\"position\":2,\"name\":\"El duelo: conocerlo para enfrentarlo\"}]},{\"@type\":\"WebSite\",\"@id\":\"https:\/\/sociedadfunerarianacional.com\/blog\/#website\",\"url\":\"https:\/\/sociedadfunerarianacional.com\/blog\/\",\"name\":\"Sociedad Funeraria Nacional\",\"description\":\"Blog\",\"potentialAction\":[{\"@type\":\"SearchAction\",\"target\":{\"@type\":\"EntryPoint\",\"urlTemplate\":\"https:\/\/sociedadfunerarianacional.com\/blog\/?s={search_term_string}\"},\"query-input\":\"required name=search_term_string\"}],\"inLanguage\":\"es\"},{\"@type\":\"Person\",\"@id\":\"https:\/\/sociedadfunerarianacional.com\/blog\/#\/schema\/person\/c779f9de8379a71bfddafb365d245570\",\"name\":\"Sociedad Funeraria Nacional\",\"image\":{\"@type\":\"ImageObject\",\"inLanguage\":\"es\",\"@id\":\"https:\/\/sociedadfunerarianacional.com\/blog\/#\/schema\/person\/image\/\",\"url\":\"https:\/\/secure.gravatar.com\/avatar\/1f8c4c6a6370c0f853c54ee051c5f3c43edd47cbcb841d36fa14add06ddeaa91?s=96&d=mm&r=g\",\"contentUrl\":\"https:\/\/secure.gravatar.com\/avatar\/1f8c4c6a6370c0f853c54ee051c5f3c43edd47cbcb841d36fa14add06ddeaa91?s=96&d=mm&r=g\",\"caption\":\"Sociedad Funeraria Nacional\"},\"sameAs\":[\"http:\/\/webmarketing.com.ec\/sfnblog\"],\"url\":\"https:\/\/sociedadfunerarianacional.com\/blog\/author\/abermeo\/\"}]}<\/script>\n<!-- \/ Yoast SEO plugin. -->","yoast_head_json":{"title":"El duelo: conocerlo para enfrentarlo - Sociedad Funeraria Nacional","robots":{"index":"index","follow":"follow","max-snippet":"max-snippet:-1","max-image-preview":"max-image-preview:large","max-video-preview":"max-video-preview:-1"},"canonical":"https:\/\/sociedadfunerarianacional.com\/blog\/el-duelo-conocerlo-para-enfrentarlo\/","og_locale":"es_ES","og_type":"article","og_title":"El duelo: conocerlo para enfrentarlo - Sociedad Funeraria Nacional","og_description":"\u201cNadie puede entender por lo que estoy pasando\u201d. \u00bfLo has escuchado? Imag\u00ednate tener la capacidad de entender lo que sientes o lo que otro atraviesa ante una p\u00e9rdida. Seguramente podr\u00edamos hacerlo m\u00e1s manejable y llevadero. Este fue el pensamiento de la psiquiatra Elisabeth K\u00fcbler-Ross, quien en su teor\u00eda describe al duelo como 5 estados mentales que van evolucionando con el paso del tiempo y de manera secuencial.&nbsp;&nbsp; Negaci\u00f3n La primera reacci\u00f3n despu\u00e9s de una p\u00e9rdida, generalmente, es evadir la realidad, pensar, sentir y vivir \u201ccomo si nunca hubiese pasado\u201d. Este es un mecanismo de defensa activada de manera consciente o inconsciente para no afrontar esa realidad que nos lastima.&nbsp; Ira Una vez cruzada la primera etapa aparecen&nbsp; sentimientos de frustraci\u00f3n ante lo irreversible. Tener conciencia de que \u201cno se puede hacer nada\u201d o de no poder controlar lo inevitable, genera impotencia, ansiedad, que mal canalizadas, desembocan en la b\u00fasqueda de culpables.&nbsp;&nbsp; Negociaci\u00f3n El conocid\u00edsimo \u201c\u00bfqu\u00e9 hubiera pasado si\u2026?\u201d o el \u201csi tan solo\u2026\u201d entran en este periodo. Ese inevitable juego de escenarios o circunstancias fantasiosas que pudieron haber cambiado el resultado de los hechos son solo una manera de encontrar respuestas coherentes ante lo que no viene con un manual. Depresi\u00f3n&nbsp; El momento de enfrentar la realidad, es aqu\u00ed. Por lo general, el doliente deja de fantasear, conoce su realidad y siente el vac\u00edo de la p\u00e9rdida. La tristeza se hace m\u00e1s intensa, porque se es consciente de que no hay marcha atr\u00e1s y que esa ausencia es definida. En esta etapa es com\u00fan el aislamiento, cambios de rutina y falta de concentraci\u00f3n.&nbsp; Aceptaci\u00f3n&nbsp; Aparece cuando se entiende que es posible vivir a pesar de la ausencia de quien ya no est\u00e1. La motivaci\u00f3n empieza a ser parte del d\u00eda a d\u00eda nuevamente y, poco a poco, se presentan m\u00e1s oportunidades y decisiones pensadas en el futuro. Se dice que es el nacimiento hacia una nueva vida donde el dolor es parte de nuestra historia pero no su definici\u00f3n.&nbsp; Hacer del duelo una etapa llevadera es sin duda un desaf\u00edo. Aqu\u00ed no hay tiempos definidos ni formas de hacerlo. Cada ser humano se enfrenta a este reto de forma distinta, pero en definitiva, ante un duelo, tuyo o de un tercero, el TIEMPO, la PACIENCIA&nbsp; y el ACOMPA\u00d1AMIENTO son claves para atravesarlo de mejor manera.","og_url":"https:\/\/sociedadfunerarianacional.com\/blog\/el-duelo-conocerlo-para-enfrentarlo\/","og_site_name":"Sociedad Funeraria Nacional","article_published_time":"2021-07-05T17:55:30+00:00","article_modified_time":"2022-09-01T21:17:43+00:00","og_image":[{"width":800,"height":500,"url":"http:\/\/sociedadfunerarianacional.com\/blog\/wp-content\/uploads\/2021\/07\/art_el-duelo.png","type":"image\/png"}],"author":"Sociedad Funeraria Nacional","twitter_card":"summary_large_image","twitter_misc":{"Escrito por":"Sociedad Funeraria Nacional","Tiempo de lectura":"2 minutos"},"schema":{"@context":"https:\/\/schema.org","@graph":[{"@type":"WebPage","@id":"https:\/\/sociedadfunerarianacional.com\/blog\/el-duelo-conocerlo-para-enfrentarlo\/","url":"https:\/\/sociedadfunerarianacional.com\/blog\/el-duelo-conocerlo-para-enfrentarlo\/","name":"El duelo: conocerlo para enfrentarlo - Sociedad Funeraria Nacional","isPartOf":{"@id":"https:\/\/sociedadfunerarianacional.com\/blog\/#website"},"datePublished":"2021-07-05T17:55:30+00:00","dateModified":"2022-09-01T21:17:43+00:00","author":{"@id":"https:\/\/sociedadfunerarianacional.com\/blog\/#\/schema\/person\/c779f9de8379a71bfddafb365d245570"},"breadcrumb":{"@id":"https:\/\/sociedadfunerarianacional.com\/blog\/el-duelo-conocerlo-para-enfrentarlo\/#breadcrumb"},"inLanguage":"es","potentialAction":[{"@type":"ReadAction","target":["https:\/\/sociedadfunerarianacional.com\/blog\/el-duelo-conocerlo-para-enfrentarlo\/"]}]},{"@type":"BreadcrumbList","@id":"https:\/\/sociedadfunerarianacional.com\/blog\/el-duelo-conocerlo-para-enfrentarlo\/#breadcrumb","itemListElement":[{"@type":"ListItem","position":1,"name":"Portada","item":"https:\/\/sociedadfunerarianacional.com\/blog\/"},{"@type":"ListItem","position":2,"name":"El duelo: conocerlo para enfrentarlo"}]},{"@type":"WebSite","@id":"https:\/\/sociedadfunerarianacional.com\/blog\/#website","url":"https:\/\/sociedadfunerarianacional.com\/blog\/","name":"Sociedad Funeraria Nacional","description":"Blog","potentialAction":[{"@type":"SearchAction","target":{"@type":"EntryPoint","urlTemplate":"https:\/\/sociedadfunerarianacional.com\/blog\/?s={search_term_string}"},"query-input":"required name=search_term_string"}],"inLanguage":"es"},{"@type":"Person","@id":"https:\/\/sociedadfunerarianacional.com\/blog\/#\/schema\/person\/c779f9de8379a71bfddafb365d245570","name":"Sociedad Funeraria Nacional","image":{"@type":"ImageObject","inLanguage":"es","@id":"https:\/\/sociedadfunerarianacional.com\/blog\/#\/schema\/person\/image\/","url":"https:\/\/secure.gravatar.com\/avatar\/1f8c4c6a6370c0f853c54ee051c5f3c43edd47cbcb841d36fa14add06ddeaa91?s=96&d=mm&r=g","contentUrl":"https:\/\/secure.gravatar.com\/avatar\/1f8c4c6a6370c0f853c54ee051c5f3c43edd47cbcb841d36fa14add06ddeaa91?s=96&d=mm&r=g","caption":"Sociedad Funeraria Nacional"},"sameAs":["http:\/\/webmarketing.com.ec\/sfnblog"],"url":"https:\/\/sociedadfunerarianacional.com\/blog\/author\/abermeo\/"}]}},"_links":{"self":[{"href":"https:\/\/sociedadfunerarianacional.com\/blog\/wp-json\/wp\/v2\/posts\/748","targetHints":{"allow":["GET"]}}],"collection":[{"href":"https:\/\/sociedadfunerarianacional.com\/blog\/wp-json\/wp\/v2\/posts"}],"about":[{"href":"https:\/\/sociedadfunerarianacional.com\/blog\/wp-json\/wp\/v2\/types\/post"}],"author":[{"embeddable":true,"href":"https:\/\/sociedadfunerarianacional.com\/blog\/wp-json\/wp\/v2\/users\/1"}],"replies":[{"embeddable":true,"href":"https:\/\/sociedadfunerarianacional.com\/blog\/wp-json\/wp\/v2\/comments?post=748"}],"version-history":[{"count":1,"href":"https:\/\/sociedadfunerarianacional.com\/blog\/wp-json\/wp\/v2\/posts\/748\/revisions"}],"predecessor-version":[{"id":750,"href":"https:\/\/sociedadfunerarianacional.com\/blog\/wp-json\/wp\/v2\/posts\/748\/revisions\/750"}],"wp:featuredmedia":[{"embeddable":true,"href":"https:\/\/sociedadfunerarianacional.com\/blog\/wp-json\/wp\/v2\/media\/749"}],"wp:attachment":[{"href":"https:\/\/sociedadfunerarianacional.com\/blog\/wp-json\/wp\/v2\/media?parent=748"}],"wp:term":[{"taxonomy":"category","embeddable":true,"href":"https:\/\/sociedadfunerarianacional.com\/blog\/wp-json\/wp\/v2\/categories?post=748"},{"taxonomy":"post_tag","embeddable":true,"href":"https:\/\/sociedadfunerarianacional.com\/blog\/wp-json\/wp\/v2\/tags?post=748"}],"curies":[{"name":"wp","href":"https:\/\/api.w.org\/{rel}","templated":true}]}}